{"id":13079,"__str__":"Autoria: Ana Elisa do Nard\u00e3o - Mo\u00e7\u00e3o n\u00ba 15 de 2017","metadata":{},"primeiro_autor":false,"autor":180,"materia":11316}