{"id":1319,"__str__":"Avulso - CONVITES DA AUDI\u00caNCIA P\u00daBLICA de 19/07/2018 por PRESIDENTE DA C\u00c2MARA","metadata":{},"nome":"CONVITES DA AUDI\u00caNCIA P\u00daBLICA","data":"2018-07-19","autor":"PRESIDENTE DA C\u00c2MARA","ementa":"","indexacao":"","arquivo":"http://sapl.palmital.sp.leg.br/media/sapl/public/migrado/materia/1319.pdf","data_ultima_atualizacao":null,"materia":11431,"tipo":3}