{"id":1599,"__str__":"Avulso - CONVITES DA AUDI\u00caNCIA P\u00daBLICA de 11/12/2018 por PRESIDENTE DA C\u00c2MARA","metadata":{},"nome":"CONVITES DA AUDI\u00caNCIA P\u00daBLICA","data":"2018-12-11","autor":"PRESIDENTE DA C\u00c2MARA","ementa":"","indexacao":"","arquivo":"http://sapl.palmital.sp.leg.br/media/sapl/public/migrado/materia/1599.pdf","data_ultima_atualizacao":null,"materia":12487,"tipo":3}