{"id":1703,"__str__":"Parecer Jur\u00eddico - PARECER de 11/03/2019 por Procurador Jur\u00eddico","metadata":{},"nome":"PARECER","data":"2019-03-11","autor":"Procurador Jur\u00eddico","ementa":"","indexacao":"","arquivo":"http://sapl.palmital.sp.leg.br/media/sapl/public/migrado/materia/1703.pdf","data_ultima_atualizacao":null,"materia":12702,"tipo":1}