{"id":4613,"__str__":"An\u00e1lise Jur\u00eddica - an\u00e1lise jur\u00eddica de 06/03/2025 por M\u00e1rcio Junior de Oliveira","metadata":{"signs":{"arquivo":{"admin":[],"autores":[["Marcio Junior de Oliveira",["2025-03-06T17:05:36-03:00","ICP-Brasil - Certificado PF A1"]]]}}},"nome":"an\u00e1lise jur\u00eddica","data":"2025-03-06","autor":"M\u00e1rcio Junior de Oliveira","ementa":"","indexacao":"","arquivo":"http://sapl.palmital.sp.leg.br/media/sapl/public/documentoacessorio/2025/4613/aj_-_pl_16-25.pdf","data_ultima_atualizacao":"2025-03-07T08:26:07.066115-03:00","materia":16297,"tipo":11}