{"id":4869,"__str__":"An\u00e1lise Jur\u00eddica - An\u00e1lise Jur\u00eddica de 20/05/2025 por M\u00e1rcio Junior de Oliveira","metadata":{},"nome":"An\u00e1lise Jur\u00eddica","data":"2025-05-20","autor":"M\u00e1rcio Junior de Oliveira","ementa":"An\u00e1lise do Projeto de Lei Complementar n\u00ba 8/2025, conforme disp\u00f5e a parte final do art. 50, do Regimento Interno","indexacao":"","arquivo":"http://sapl.palmital.sp.leg.br/media/sapl/public/documentoacessorio/2025/4869/aj_ao_plc_08-25.pdf","data_ultima_atualizacao":"2025-05-21T08:26:02.069881-03:00","materia":16599,"tipo":11}