{"id":5393,"__str__":"An\u00e1lise Jur\u00eddica - An\u00e1lise Jur\u00eddica de 02/12/2025 por M\u00e1rcio Junior de Oliveira","metadata":{},"nome":"An\u00e1lise Jur\u00eddica","data":"2025-12-02","autor":"M\u00e1rcio Junior de Oliveira","ementa":"An\u00e1lise do Projeto de Lei Complementar n\u00ba 14/2025, conforme disp\u00f5e a parte final do art. 50, do Regimento Interno","indexacao":"","arquivo":"http://sapl.palmital.sp.leg.br/media/sapl/public/documentoacessorio/2025/5393/aj_ao__plc_14-25_.pdf","data_ultima_atualizacao":"2025-12-03T09:58:23.938496-03:00","materia":17241,"tipo":11}