{"id":10371,"__str__":"Indica\u00e7\u00e3o n\u00ba 61 de 2015","metadata":{},"numero":61,"ano":2015,"numero_protocolo":null,"data_apresentacao":"2015-04-06","tipo_apresentacao":"","data_publicacao":null,"numero_origem_externa":"","ano_origem_externa":null,"data_origem_externa":null,"apelido":"","dias_prazo":null,"data_fim_prazo":null,"em_tramitacao":false,"polemica":null,"objeto":"","complementar":null,"ementa":"INDICA AO SENHOR BENEDITO DA COSTA QUEIROZ, DIRETOR DE SERVI\u00c7OS URBANOS, QUE SEJA REALIZADO A TROCA DAS L\u00c2MPADAS QUEIMADAS DA ILUMINA\u00c7\u00c3O DA PRA\u00c7A S\u00c3O JOS\u00c9, BEM COMO, A REALIZA\u00c7\u00c3O DE ESTUDOS QUE SE FIZEREM NECESS\u00c1RIOS, NO SENTIDO DE REMOVER PARTE DO CANTEIRO DEFRONTE A RUA PEDRO ELIAS, AO LADO DO SAL\u00c3O DE FESTAS, PARA FACILITAR O ACESSO.","indexacao":"","observacao":"","resultado":"","texto_original":"http://sapl.palmital.sp.leg.br/media/sapl/public/migrado/materia/10371_texto_integral.pdf","data_ultima_atualizacao":null,"ip":"","ultima_edicao":null,"tipo":8,"regime_tramitacao":1,"tipo_origem_externa":null,"local_origem_externa":null,"user":null,"anexadas":[],"autores":[9,11]}