{"id":10519,"__str__":"Indica\u00e7\u00e3o n\u00ba 209 de 2015","metadata":{},"numero":209,"ano":2015,"numero_protocolo":null,"data_apresentacao":"2015-11-03","tipo_apresentacao":"","data_publicacao":null,"numero_origem_externa":"","ano_origem_externa":null,"data_origem_externa":null,"apelido":"","dias_prazo":null,"data_fim_prazo":null,"em_tramitacao":false,"polemica":null,"objeto":"","complementar":null,"ementa":"INDICA A SENHORA PREFEITA, QUE SEJAM INICIADOS ESTUDOS QUE SE FIZEREM NECESS\u00c1RIOS NO SENTIDO DE CONSCIENTIZAR DE MANEIRA ENF\u00c1TICA A POPULA\u00c7\u00c3O, SOBRE O C\u00c2NCER DE PR\u00d3STATA, AMPLIANDO ASSIM A CAMPANHA \u0093NOVEMBRO AZUL\u0094, UTILIZANDO PARA DIVULGA\u00c7\u00c3O T\u00c9CNICAS AUDIOVISUAIS, E DID\u00c1TICAS, TAMB\u00c9M PELAS REDES SOCIAIS, E DEDICAR UM DIA, SE POSS\u00cdVEL JUNTO COM O DIA DA CONSCI\u00caNCIA NEGRA, VISTO QUE O DIA MUNDIAL DE COMBATE AO C\u00c2NCER DE PR\u00d3STATA \u00c9 DIA 17 DE NOVEMBRO E O DIA DA CONSCI\u00caNCIA NEGRA, DIA 20 DO MESMO M\u00caS, ASSIM ENFATIZAR AOS HOMENS E SUAS ESPOSAS A IMPORT\u00c2NCIA DO DIAGN\u00d3STICO PRECOCE ATRAV\u00c9S DE EXAMES PREVENTIVOS E ACABAR COM TABUS SOBRE A DOEN\u00c7A.","indexacao":"","observacao":"","resultado":"","texto_original":"http://sapl.palmital.sp.leg.br/media/sapl/public/migrado/materia/10519_texto_integral.pdf","data_ultima_atualizacao":null,"ip":"","ultima_edicao":null,"tipo":8,"regime_tramitacao":1,"tipo_origem_externa":null,"local_origem_externa":null,"user":null,"anexadas":[],"autores":[4]}