{"id":11800,"__str__":"Mo\u00e7\u00e3o n\u00ba 46 de 2017","metadata":{},"numero":46,"ano":2017,"numero_protocolo":835,"data_apresentacao":"2017-11-06","tipo_apresentacao":"E","data_publicacao":null,"numero_origem_externa":"","ano_origem_externa":null,"data_origem_externa":null,"apelido":"","dias_prazo":null,"data_fim_prazo":null,"em_tramitacao":false,"polemica":null,"objeto":"","complementar":null,"ementa":"MO\u00c7\u00c3O DE REP\u00daDIO AO MEC &#8211; MINIST\u00c9RIO DA EDUCA\u00c7\u00c3O &#8211; PELA PROPOSTA DE INSER\u00c7\u00c3O DE IDEOLOGIA DE G\u00caNERO NOS CURR\u00cdCULOS ESCOLARES NA BNCC &#8211; BASE NACIONAL COMUM CURRICULAR.","indexacao":"","observacao":"","resultado":"","texto_original":"http://sapl.palmital.sp.leg.br/media/sapl/public/migrado/materia/11800_texto_integral.pdf","data_ultima_atualizacao":null,"ip":"","ultima_edicao":null,"tipo":7,"regime_tramitacao":1,"tipo_origem_externa":null,"local_origem_externa":null,"user":null,"anexadas":[],"autores":[180,181,7,182,6,8,183,10,184,185,186]}