{"id":12518,"__str__":"Requerimento n\u00ba 263 de 2018","metadata":{},"numero":263,"ano":2018,"numero_protocolo":661,"data_apresentacao":"2018-10-15","tipo_apresentacao":"E","data_publicacao":null,"numero_origem_externa":"","ano_origem_externa":null,"data_origem_externa":null,"apelido":"","dias_prazo":null,"data_fim_prazo":null,"em_tramitacao":false,"polemica":null,"objeto":"","complementar":null,"ementa":"REQUER AO SENHOR PREFEITO MUNICIPAL, QUE INFORME A ESTA CASA DE LEIS, SE H\u00c1 ESTUDOS PARA \u00c0 IMPLANTA\u00c7\u00c3O DE UM PROJETO QUE VISE A SA\u00daDE DA VIS\u00c3O E AUDI\u00c7\u00c3O NA REDE MUNICIPAL DE ENSINO EM NOSSA CIDADE, PARA DETECTAR PROBLEMAS OFTALMOL\u00d3GICOS E AUDITIVOS NOS ALUNOS E ASSIM GARANTIR UM APRENDIZADO DE MAIOR QUALIDADE A TODOS. \r\n \r\n","indexacao":"","observacao":"","resultado":"","texto_original":"http://sapl.palmital.sp.leg.br/media/sapl/public/migrado/materia/12518_texto_integral.pdf","data_ultima_atualizacao":null,"ip":"","ultima_edicao":null,"tipo":3,"regime_tramitacao":1,"tipo_origem_externa":null,"local_origem_externa":null,"user":null,"anexadas":[],"autores":[182]}