{"id":13719,"__str__":"Indica\u00e7\u00e3o n\u00ba 10 de 2021","metadata":{},"numero":10,"ano":2021,"numero_protocolo":18,"data_apresentacao":"2021-01-14","tipo_apresentacao":"E","data_publicacao":null,"numero_origem_externa":"","ano_origem_externa":null,"data_origem_externa":null,"apelido":"","dias_prazo":null,"data_fim_prazo":null,"em_tramitacao":false,"polemica":null,"objeto":"","complementar":null,"ementa":"INDICA AO SENHOR PREFEITO MUNICIPAL, A REVITALIZA\u00c7\u00c3O DAS PRA\u00c7AS M\u00c1RIO VERZA E JO\u00c3O DA CUNHA, BEM COMO TOME AS DEVIDAS PROVID\u00caNCIAS QUANTO A IMPLEMENTA\u00c7\u00c3O DE ILUMINA\u00c7\u00c3O P\u00daBLICA, PODA DAS \u00c1RVORES, PINTURA NO SOLO NAS IMEDIA\u00c7\u00d5ES DA ACADEMIA AO AR LIVRE, ETC.","indexacao":"","observacao":"","resultado":"","texto_original":"http://sapl.palmital.sp.leg.br/media/sapl/public/migrado/materia/13719_texto_integral.pdf","data_ultima_atualizacao":"2025-04-23T08:02:35.398763-03:00","ip":"","ultima_edicao":null,"tipo":8,"regime_tramitacao":1,"tipo_origem_externa":null,"local_origem_externa":null,"user":null,"anexadas":[],"autores":[193,8]}