{"id":13867,"__str__":"Indica\u00e7\u00e3o n\u00ba 108 de 2021","metadata":{},"numero":108,"ano":2021,"numero_protocolo":162,"data_apresentacao":"2021-03-09","tipo_apresentacao":"E","data_publicacao":null,"numero_origem_externa":"","ano_origem_externa":null,"data_origem_externa":null,"apelido":"","dias_prazo":null,"data_fim_prazo":null,"em_tramitacao":false,"polemica":null,"objeto":"","complementar":null,"ementa":"INDICA AO SENHOR PREFEITO MUNICIPAL, A RELIZA\u00c7\u00c3O DE ESTUDOS NO SENTIDO DE MELHORAR A SINALIZA\u00c7\u00c3O DE TR\u00c2NSITO NA REGI\u00c3O CENTRAL DE NOSSA CIDADE, POR MEIO DA PINTURA DE FAIXAS DE PEDESTRES, \u00c1REAS DE ESTACIONAMENTO RESERVADOS A IDOSOS E DEFICIENTES F\u00cdSICOS, INSTALA\u00c7\u00c3O DE PLACAS DE SINALIZA\u00c7\u00c3O &#8220;PARE&#8221; E DE LIMITA\u00c7\u00d5ES DE VELOCIDADE  E AINDA A IMPLANTA\u00c7\u00c3O DE LOMBOFAIXAS.","indexacao":"","observacao":"","resultado":"","texto_original":"http://sapl.palmital.sp.leg.br/media/sapl/public/migrado/materia/13867_texto_integral.pdf","data_ultima_atualizacao":"2025-04-23T08:02:41.321476-03:00","ip":"","ultima_edicao":null,"tipo":8,"regime_tramitacao":1,"tipo_origem_externa":null,"local_origem_externa":null,"user":null,"anexadas":[],"autores":[8]}