{"id":13992,"__str__":"Projeto de Lei Ordin\u00e1ria n\u00ba 24 de 2021","metadata":{},"numero":24,"ano":2021,"numero_protocolo":270,"data_apresentacao":"2021-04-19","tipo_apresentacao":"E","data_publicacao":null,"numero_origem_externa":"","ano_origem_externa":null,"data_origem_externa":null,"apelido":"","dias_prazo":null,"data_fim_prazo":null,"em_tramitacao":false,"polemica":null,"objeto":"","complementar":null,"ementa":"Institui o Programa de Capacita\u00e7\u00e3o, Qualifica\u00e7\u00e3o Profissional e Aux\u00edlio Emergencial ao Desempregado, denominado \"Frente de Trabalho\" e d\u00e1 outras provid\u00eancias.","indexacao":"","observacao":"","resultado":"","texto_original":"http://sapl.palmital.sp.leg.br/media/sapl/public/migrado/materia/13992_texto_integral.pdf","data_ultima_atualizacao":"2021-08-06T14:01:51.212715-03:00","ip":"45.168.184.26","ultima_edicao":"2021-08-05T17:42:17.697608-03:00","tipo":1,"regime_tramitacao":2,"tipo_origem_externa":null,"local_origem_externa":null,"user":2,"anexadas":[],"autores":[175]}