{"id":15144,"__str__":"Mo\u00e7\u00e3o n\u00ba 30 de 2023","metadata":{},"numero":30,"ano":2023,"numero_protocolo":699,"data_apresentacao":"2023-06-02","tipo_apresentacao":"","data_publicacao":null,"numero_origem_externa":"","ano_origem_externa":null,"data_origem_externa":null,"apelido":"","dias_prazo":null,"data_fim_prazo":null,"em_tramitacao":false,"polemica":false,"objeto":"","complementar":false,"ementa":"Parabeniza\u00e7\u00e3o ao Presidente da C\u00e2mara Municipal de Palmital, Cristian Rodrigo Alves Nogueira, por sua elei\u00e7\u00e3o para o cargo de Presidente da nova Mesa Diretora do Parlamento Regional da Unidade de Assis e Regi\u00e3o da Uni\u00e3o dos Vereadores do Estado de S\u00e3o Paulo (Uvesp), extensiva aos demais membros eleitos.","indexacao":"","observacao":"","resultado":"","texto_original":"http://sapl.palmital.sp.leg.br/media/sapl/public/materialegislativa/2023/15144/mocao_30.pdf","data_ultima_atualizacao":"2023-06-14T10:07:07.677167-03:00","ip":"187.73.222.47","ultima_edicao":"2023-06-13T11:07:41.700214-03:00","tipo":7,"regime_tramitacao":1,"tipo_origem_externa":null,"local_origem_externa":null,"user":7,"anexadas":[],"autores":[190,192,8]}