{"id":15279,"__str__":"Projeto de Lei Ordin\u00e1ria n\u00ba 47 de 2023","metadata":{},"numero":47,"ano":2023,"numero_protocolo":1122,"data_apresentacao":"2023-10-02","tipo_apresentacao":"","data_publicacao":null,"numero_origem_externa":"","ano_origem_externa":null,"data_origem_externa":null,"apelido":"","dias_prazo":null,"data_fim_prazo":null,"em_tramitacao":false,"polemica":false,"objeto":"","complementar":false,"ementa":"D\u00e1 denomina\u00e7\u00e3o ao pr\u00e9dio municipal do Centro de Fisioterapia e Reabilita\u00e7\u00e3o \u201cDr. Ney de Souza Cruz\u201d.","indexacao":"","observacao":"","resultado":"","texto_original":"http://sapl.palmital.sp.leg.br/media/sapl/public/materialegislativa/2023/15279/projeto_de_lei_47-2023.pdf","data_ultima_atualizacao":"2023-11-16T10:10:24.010664-03:00","ip":"187.73.222.203","ultima_edicao":"2023-10-06T14:48:32.407930-03:00","tipo":1,"regime_tramitacao":1,"tipo_origem_externa":null,"local_origem_externa":null,"user":5,"anexadas":[15343],"autores":[189,190,196]}