{"id":16455,"__str__":"Requerimento n\u00ba 57 de 2025","metadata":{"signs":{"texto_original":{"admin":[],"autores":[["Marcos Antonio Rett Sebrian",["2025-04-07T10:15:01-03:00","ICP-Brasil - Certificado PF A1"]]]}}},"numero":57,"ano":2025,"numero_protocolo":436,"data_apresentacao":"2025-04-07","tipo_apresentacao":"","data_publicacao":null,"numero_origem_externa":"","ano_origem_externa":null,"data_origem_externa":null,"apelido":"","dias_prazo":null,"data_fim_prazo":null,"em_tramitacao":false,"polemica":false,"objeto":"","complementar":false,"ementa":"Requeiro ao Senhor Prefeito, que nos informe se h\u00e1 algum planejamento para a instala\u00e7\u00e3o de l\u00e2mpadas de LED nas Ruas Luis Jos\u00e9 de Oliveira, \u00c2ngelo Brigan\u00f3, Geremias de Mattos e suas paralelas e quando devem ser instaladas.","indexacao":"","observacao":"","resultado":"","texto_original":"http://sapl.palmital.sp.leg.br/media/sapl/public/materialegislativa/2025/16455/16455_copia_stamped.pdf","data_ultima_atualizacao":"2025-04-07T20:27:41.772945-03:00","ip":"177.55.57.233","ultima_edicao":"2025-04-07T10:26:08.428092-03:00","tipo":3,"regime_tramitacao":1,"tipo_origem_externa":null,"local_origem_externa":null,"user":7,"anexadas":[16560],"autores":[10]}