{"id":16599,"__str__":"Projeto de Lei Complementar n\u00ba 8 de 2025","metadata":{"signs":{"texto_original":{"admin":[],"autores":[["Luis Gustavo Mendes Moraes",["2025-05-19T09:48:54-03:00","ICP-Brasil - Certificado PF A1"]]]}}},"numero":8,"ano":2025,"numero_protocolo":638,"data_apresentacao":"2025-05-19","tipo_apresentacao":"","data_publicacao":null,"numero_origem_externa":"","ano_origem_externa":null,"data_origem_externa":null,"apelido":"","dias_prazo":null,"data_fim_prazo":null,"em_tramitacao":false,"polemica":false,"objeto":"","complementar":false,"ementa":"Disp\u00f5e sobre a altera\u00e7\u00e3o do artigo 128, da Lei Complementar n\u00ba 01 de 27 de maio de 1.993 - Estatuto dos Funcion\u00e1rios P\u00fablicos, para estabelecer o escalonamento do n\u00famero de faltas abonadas anuais conforme a jornada semanal de trabalho, e d\u00e1 outras provid\u00eancias.","indexacao":"","observacao":"","resultado":"","texto_original":"http://sapl.palmital.sp.leg.br/media/sapl/public/materialegislativa/2025/16599/16599_copia_stamped.pdf","data_ultima_atualizacao":"2026-02-02T09:26:22.761094-03:00","ip":"","ultima_edicao":null,"tipo":5,"regime_tramitacao":1,"tipo_origem_externa":null,"local_origem_externa":null,"user":null,"anexadas":[17307,17331,17297,17393,16600],"autores":[175]}