{"id":16642,"__str__":"Projeto de Lei Ordin\u00e1ria n\u00ba 43 de 2025","metadata":{"signs":{"texto_original":{"admin":[],"autores":[["Luis Gustavo Mendes Moraes",["2025-06-02T08:14:58-03:00","ICP-Brasil - Certificado PF A1"]]]}}},"numero":43,"ano":2025,"numero_protocolo":693,"data_apresentacao":"2025-06-02","tipo_apresentacao":"","data_publicacao":null,"numero_origem_externa":"","ano_origem_externa":null,"data_origem_externa":null,"apelido":"","dias_prazo":null,"data_fim_prazo":null,"em_tramitacao":false,"polemica":false,"objeto":"","complementar":false,"ementa":"Disp\u00f5e sobre aprova\u00e7\u00e3o do Plano Municipal de Adapta\u00e7\u00e3o e Resili\u00eancia Clim\u00e1tica (PMARC) de Palmital/SP.","indexacao":"","observacao":"","resultado":"","texto_original":"http://sapl.palmital.sp.leg.br/media/sapl/public/materialegislativa/2025/16642/16642_copia_stamped.pdf","data_ultima_atualizacao":"2025-08-26T08:58:01.543597-03:00","ip":"","ultima_edicao":null,"tipo":1,"regime_tramitacao":1,"tipo_origem_externa":null,"local_origem_externa":null,"user":null,"anexadas":[16817,16677,16777,16796,16831],"autores":[175]}