{"id":16997,"__str__":"Mo\u00e7\u00e3o n\u00ba 61 de 2025","metadata":{"signs":{"texto_original":{"admin":[],"autores":[["Miguel Gustavo Figueiredo Bueno",["2025-10-06T10:00:30-03:00","ICP-Brasil - Certificado PF A1"]]]}}},"numero":61,"ano":2025,"numero_protocolo":1192,"data_apresentacao":"2025-10-06","tipo_apresentacao":"","data_publicacao":null,"numero_origem_externa":"","ano_origem_externa":null,"data_origem_externa":null,"apelido":"","dias_prazo":null,"data_fim_prazo":null,"em_tramitacao":false,"polemica":false,"objeto":"","complementar":false,"ementa":"Mo\u00e7\u00e3o de Apoio pelo fim do confisco de aposentados e pensionistas, objetivando a c\u00e9lere decis\u00e3o final sobre a A\u00e7\u00e3o Direta de Inconstitucionalidade (ADI) n\u00ba 6.255, que inclui o julgamento conjunto de outras a\u00e7\u00f5es semelhantes relacionadas \u00e0 Reforma da Previd\u00eancia (Emenda Constitucional n\u00ba 103/2019).","indexacao":"","observacao":"","resultado":"","texto_original":"http://sapl.palmital.sp.leg.br/media/sapl/public/materialegislativa/2025/16997/16997_copia_stamped.pdf","data_ultima_atualizacao":"2025-10-14T13:28:04.504243-03:00","ip":"177.55.57.233","ultima_edicao":"2025-10-06T10:48:46.856898-03:00","tipo":7,"regime_tramitacao":1,"tipo_origem_externa":null,"local_origem_externa":null,"user":7,"anexadas":[],"autores":[196]}