{"id":17393,"__str__":"Parecer da Comiss\u00e3o de Educa\u00e7\u00e3o n\u00ba 39 de 2025","metadata":{"signs":{"texto_original":{"admin":[],"autores":[["Antonio Rafael Pepece Junior",["2025-12-11T15:14:12-03:00","ICP-Brasil - Certificado PF A1"]],["Homero Marques Filho",["2026-02-02T08:21:34-03:00","ICP-Brasil - Certificado PF A1"]],["Marcos Antonio Rett Sebrian",["2025-12-12T08:28:51-03:00","ICP-Brasil - Certificado PF A1"]]]}}},"numero":39,"ano":2025,"numero_protocolo":62,"data_apresentacao":"2026-02-02","tipo_apresentacao":"","data_publicacao":null,"numero_origem_externa":"","ano_origem_externa":null,"data_origem_externa":null,"apelido":"","dias_prazo":null,"data_fim_prazo":null,"em_tramitacao":false,"polemica":false,"objeto":"","complementar":false,"ementa":"PLC 08-2025","indexacao":"","observacao":"","resultado":"","texto_original":"http://sapl.palmital.sp.leg.br/media/sapl/public/materialegislativa/2026/17393/11-12_-_plc_08-25_2.pdf","data_ultima_atualizacao":"2026-02-02T09:26:46.529225-03:00","ip":"177.55.57.233","ultima_edicao":"2026-02-02T09:26:46.226174-03:00","tipo":28,"regime_tramitacao":1,"tipo_origem_externa":null,"local_origem_externa":null,"user":7,"anexadas":[],"autores":[12]}