{"id":18142,"__str__":"Requerimento n\u00ba 112 de 2026","metadata":{"signs":{"texto_original":{"admin":[],"autores":[["Cleber Biondi",["2026-08-21T09:41:04-03:00","ICP-Brasil - Certificado PF A1"]]]}}},"numero":112,"ano":2026,"numero_protocolo":945,"data_apresentacao":"2026-08-21","tipo_apresentacao":"","data_publicacao":null,"numero_origem_externa":"","ano_origem_externa":null,"data_origem_externa":null,"apelido":"","dias_prazo":null,"data_fim_prazo":null,"em_tramitacao":true,"polemica":false,"objeto":"","complementar":false,"ementa":"Requer ao Senhor Prefeito Municipal, que nos informe se h\u00e1 estudos, planos ou previs\u00e3o para a realiza\u00e7\u00e3o de limpeza, higieniza\u00e7\u00e3o e cata\u00e7\u00e3o de lixo e tapa-buraco na Viela H\u00e9lio Molitor, nesta cidade.","indexacao":"","observacao":"","resultado":"","texto_original":"http://sapl.palmital.sp.leg.br/media/sapl/public/materialegislativa/2026/18142/18142_copia_stamped.pdf","data_ultima_atualizacao":"2026-08-27T10:02:53.374044-03:00","ip":"177.55.57.233","ultima_edicao":"2026-08-21T10:03:52.516186-03:00","tipo":3,"regime_tramitacao":1,"tipo_origem_externa":null,"local_origem_externa":null,"user":7,"anexadas":[],"autores":[210]}