{"id":18177,"__str__":"Requerimento n\u00ba 116 de 2026","metadata":{"signs":{"texto_original":{"admin":[],"autores":[["Luis Antonio de Castro",["2026-09-01T11:05:39-03:00","ICP-Brasil - Certificado PF A1"]]]}}},"numero":116,"ano":2026,"numero_protocolo":985,"data_apresentacao":"2026-09-01","tipo_apresentacao":"","data_publicacao":null,"numero_origem_externa":"","ano_origem_externa":null,"data_origem_externa":null,"apelido":"","dias_prazo":null,"data_fim_prazo":null,"em_tramitacao":true,"polemica":false,"objeto":"","complementar":false,"ementa":"Requer seja oficiado ao  senhor Prefeito para que nos sejam prestadas informa\u00e7\u00f5es detalhadas acerca da possibilidade de implanta\u00e7\u00e3o de guarita ou abrigo de prote\u00e7\u00e3o solar e contra chuvas na Pra\u00e7a M\u00f4nica Fernandes Ordelas Bregan\u00f3, defronte a escola Osvaldo Moreira da Silva, nesta cidade.","indexacao":"","observacao":"","resultado":"","texto_original":"http://sapl.palmital.sp.leg.br/media/sapl/public/materialegislativa/2026/18177/18177_copia_stamped.pdf","data_ultima_atualizacao":"2026-09-01T16:54:01.778845-03:00","ip":"177.55.57.233","ultima_edicao":"2026-09-01T16:44:41.623874-03:00","tipo":3,"regime_tramitacao":1,"tipo_origem_externa":null,"local_origem_externa":null,"user":7,"anexadas":[],"autores":[199]}