{"id":6566,"__str__":"Requerimento n\u00ba 129 de 2009","metadata":{},"numero":129,"ano":2009,"numero_protocolo":null,"data_apresentacao":"2009-05-04","tipo_apresentacao":"","data_publicacao":null,"numero_origem_externa":"","ano_origem_externa":null,"data_origem_externa":null,"apelido":"","dias_prazo":null,"data_fim_prazo":null,"em_tramitacao":false,"polemica":null,"objeto":"","complementar":null,"ementa":"REQUER SEJA ENCAMINHADO OF\u00cdCIO \u00c0 DIRETORA DA EDUCA\u00c7\u00c3O, SOLICITANDO PROVID\u00caNCIAS NO SENTIDO DE AUMENTAR A QUANTIA DA MERENDA ESCOLAR NAS ESCOLAS E.M.E.I.E.F. VEREADOR MIGUEL BUENO VIDAL E  E.M.E.F. PROFESSORA MARIA EUL\u00c1LIA VIEIRA SCALLA.","indexacao":"","observacao":"","resultado":"","texto_original":null,"data_ultima_atualizacao":null,"ip":"","ultima_edicao":null,"tipo":3,"regime_tramitacao":1,"tipo_origem_externa":null,"local_origem_externa":null,"user":null,"anexadas":[],"autores":[10]}