{"id":7198,"__str__":"Requerimento n\u00ba 36 de 2014","metadata":{},"numero":36,"ano":2014,"numero_protocolo":null,"data_apresentacao":"2014-04-07","tipo_apresentacao":"","data_publicacao":null,"numero_origem_externa":"","ano_origem_externa":null,"data_origem_externa":null,"apelido":"","dias_prazo":null,"data_fim_prazo":null,"em_tramitacao":false,"polemica":null,"objeto":"","complementar":null,"ementa":"REQUER \u00c0 MESA, NOS TERMOS REGIMENTAIS, SEJA ENCAMINHADO OF\u00cdCIO AO ILMO. SR. HENRIQUE DIAS THOM\u00c9, DD. SECRET\u00c1RIO DE OBRAS E SERVI\u00c7OS URBANOS, SOLICITANDO QUE SEJA INFORMADO A ESTA CASA DE LEIS, QUAIS ATITUDES FORAM TOMADAS REFERENTE A INDICA\u00c7\u00c3O N\u00ba 23/2014, SOBRE A ILUMINA\u00c7\u00c3O NO LOCAL UTILIZADO PELAS AUTOESCOLAS PARA MINISTRAR AULAS DE DIRE\u00c7\u00c3O.","indexacao":"","observacao":"","resultado":"","texto_original":"http://sapl.palmital.sp.leg.br/media/sapl/public/migrado/materia/7198_texto_integral.pdf","data_ultima_atualizacao":null,"ip":"","ultima_edicao":null,"tipo":3,"regime_tramitacao":1,"tipo_origem_externa":null,"local_origem_externa":null,"user":null,"anexadas":[],"autores":[5]}