{"id":7936,"__str__":"Mo\u00e7\u00e3o n\u00ba 48 de 2009","metadata":{},"numero":48,"ano":2009,"numero_protocolo":null,"data_apresentacao":"2009-06-15","tipo_apresentacao":"","data_publicacao":null,"numero_origem_externa":"","ano_origem_externa":null,"data_origem_externa":null,"apelido":"","dias_prazo":null,"data_fim_prazo":null,"em_tramitacao":false,"polemica":null,"objeto":"","complementar":null,"ementa":"PARABENIZA\u00c7\u00c3O \u00c0 ILUSTR\u00cdSSIMA SENHORA VERA L\u00daCIA FERREIRA DE LIMA, COORDENADORA DO PROJETO TOBIAS DE AGUIAR, BEM COMO AOS PROFESSORES DANONE, FL\u00c1VIO, SILVANA E ELIZ\u00c2NGELA PELA MARCHA ECOL\u00d3GICA REALIZADA NO DIA 05 DE JUNHO P.P., DO PROJETO TOBIAS DE AGUIAR DE PALMITAL.","indexacao":"","observacao":"","resultado":"","texto_original":"http://sapl.palmital.sp.leg.br/media/sapl/public/migrado/materia/7936_texto_integral.pdf","data_ultima_atualizacao":null,"ip":"","ultima_edicao":null,"tipo":7,"regime_tramitacao":1,"tipo_origem_externa":null,"local_origem_externa":null,"user":null,"anexadas":[],"autores":[140]}