{"id":9742,"__str__":"Indica\u00e7\u00e3o n\u00ba 63 de 2013","metadata":{},"numero":63,"ano":2013,"numero_protocolo":null,"data_apresentacao":"2013-02-18","tipo_apresentacao":"","data_publicacao":null,"numero_origem_externa":"","ano_origem_externa":null,"data_origem_externa":null,"apelido":"","dias_prazo":null,"data_fim_prazo":null,"em_tramitacao":false,"polemica":null,"objeto":"","complementar":null,"ementa":"INDICA \u00c0 EXCELENT\u00cdSSIMA SENHORA ISM\u00caNIA MENDES MORAES, DD. PREFEITA MUNICIPAL DE PALMITAL, NOS TERMOS REGIMENTAIS, SEJA DETERMINADO AO SETOR COMPETENTE DA MUNICIPALIDADE, A REALIZA\u00c7\u00c3O DE ESTUDOS QUE SE FIZEREM NECESS\u00c1RIOS, PARA A IMPLANTA\u00c7\u00c3O DE ILUMINA\u00c7\u00c3O P\u00daBLICA NA RUA AD\u00c3O RICARDO NEGR\u00c3O PINEDA, LOCALIZADA NO JARDIM DONA EL\u00cdDIA.","indexacao":"","observacao":"","resultado":"","texto_original":"http://sapl.palmital.sp.leg.br/media/sapl/public/migrado/materia/9742_texto_integral.pdf","data_ultima_atualizacao":null,"ip":"","ultima_edicao":null,"tipo":8,"regime_tramitacao":1,"tipo_origem_externa":null,"local_origem_externa":null,"user":null,"anexadas":[],"autores":[11]}