{"id":9861,"__str__":"Indica\u00e7\u00e3o n\u00ba 182 de 2013","metadata":{},"numero":182,"ano":2013,"numero_protocolo":null,"data_apresentacao":"2013-04-15","tipo_apresentacao":"","data_publicacao":null,"numero_origem_externa":"","ano_origem_externa":null,"data_origem_externa":null,"apelido":"","dias_prazo":null,"data_fim_prazo":null,"em_tramitacao":false,"polemica":null,"objeto":"","complementar":null,"ementa":"INDICA AO ILUSTR\u00cdSSIMO SENHOR RANDAL DO VALE ORTIZ, DD. DIRETOR GERAL DA ETEC  PROF.\u00ba M\u00c1RIO ANT\u00d4NIO VERZA,  A REALIZA\u00c7\u00c3O DE ESTUDOS QUE SE FIZEREM NECESS\u00c1RIOS, QUANTO A POSSIBILIDADE ADEQUAR O ESTACIONAMENTO DA ESCOLA ATRAV\u00c9S DA INSTALA\u00c7\u00c3O DE PLACAS NOS ESTACIONAMENTOS, INDICATIVAS DE ESTACIONAMENTO PRIVATIVO PARA O CORPO DOCENTE E DISCENTE, BEM COMO PARA OS IDOSOS E PESSOAS COM DEFICI\u00caNCIA.","indexacao":"","observacao":"","resultado":"","texto_original":"http://sapl.palmital.sp.leg.br/media/sapl/public/migrado/materia/9861_texto_integral.pdf","data_ultima_atualizacao":null,"ip":"","ultima_edicao":null,"tipo":8,"regime_tramitacao":1,"tipo_origem_externa":null,"local_origem_externa":null,"user":null,"anexadas":[],"autores":[10]}