{"id":26803,"__str__":"Parecer da Comiss\u00e3o de Justi\u00e7a n\u00ba 41 de 2026 | Mat\u00e9ria arquivada | 18/08/2026","metadata":{},"timestamp":"2026-08-27T11:06:04.502862-03:00","data_tramitacao":"2026-08-18","data_encaminhamento":null,"urgente":false,"turno":"","texto":"Veto Total n\u00ba 09/2026 foi mantido por 08 votos favor\u00e1veis e 02 contr\u00e1rios, durante a 32\u00aa Sess\u00e3o Ordin\u00e1ria. Diante disso, o senhor Presidente determinou o arquivamento do PL n\u00ba 27/2026, bem como a comunica\u00e7\u00e3o da decis\u00e3o ao senhor Prefeito.","data_fim_prazo":null,"ip":"177.55.57.233","ultima_edicao":"2026-08-27T11:05:31.967184-03:00","status":56,"materia":17664,"unidade_tramitacao_local":5,"unidade_tramitacao_destino":10,"user":7}