{"id":5683,"__str__":"Representa\u00e7\u00f5es n\u00ba 1 de 2019 | Encaminhado aos Vereadores | 12/09/2019","metadata":{},"timestamp":"1999-12-31T22:00:00-02:00","data_tramitacao":"2019-09-12","data_encaminhamento":null,"urgente":false,"turno":"","texto":"ENVIO DE FOTOC\u00d3PIA DA REPRESENTA\u00c7\u00c3O AOS VEREADORES","data_fim_prazo":null,"ip":"","ultima_edicao":null,"status":64,"materia":13187,"unidade_tramitacao_local":8,"unidade_tramitacao_destino":14,"user":null}